{"id":1664,"date":"2016-04-28T21:05:52","date_gmt":"2016-04-28T20:05:52","guid":{"rendered":"http:\/\/nathaliehureau.fr\/?p=1664"},"modified":"2016-04-28T21:09:25","modified_gmt":"2016-04-28T20:09:25","slug":"stage-de-sensibilisation-au-montage-en-mai","status":"publish","type":"post","link":"https:\/\/nathaliehureau.fr\/index.php\/2016\/04\/28\/stage-de-sensibilisation-au-montage-en-mai\/","title":{"rendered":"Stage de <em>sensibilisation au montage<\/em> en mai"},"content":{"rendered":"<h3><img loading=\"lazy\" decoding=\"async\" class=\"size-medium wp-image-1665 alignright\" src=\"http:\/\/nathaliehureau.fr\/wp-content\/uploads\/2016\/04\/stage-mai-2016-sit-212x300.jpg\" alt=\"stage mai 2016 sit\" width=\"212\" height=\"300\" srcset=\"https:\/\/nathaliehureau.fr\/wp-content\/uploads\/2016\/04\/stage-mai-2016-sit-212x300.jpg 212w, https:\/\/nathaliehureau.fr\/wp-content\/uploads\/2016\/04\/stage-mai-2016-sit-768x1087.jpg 768w, https:\/\/nathaliehureau.fr\/wp-content\/uploads\/2016\/04\/stage-mai-2016-sit-724x1024.jpg 724w, https:\/\/nathaliehureau.fr\/wp-content\/uploads\/2016\/04\/stage-mai-2016-sit-624x883.jpg 624w, https:\/\/nathaliehureau.fr\/wp-content\/uploads\/2016\/04\/stage-mai-2016-sit.jpg 1200w\" sizes=\"auto, (max-width: 212px) 100vw, 212px\" \/>Les weekends des 28 et 29 mai,<br \/>\n4 et 5 juin \u00e0 la Maison du Film Court.<\/h3>\n<p>T\u00e9l\u00e9chargez le dossier de pr\u00e9sentation du stage<br \/>\n<a href=\"http:\/\/nathaliehureau.fr\/wp-content\/uploads\/2016\/04\/Programme-Sensibilisation-au-montage-Mai-Juin-2016.pdf.zip\">Programme Sensibilisation au montage &#8211; Mai-Juin 2016.pdf<\/a><\/p>\n<p>&nbsp;<\/p>\n<p>Pour vous inscrire, consultez le site de la <a href=\"http:\/\/www.maison-du-film-court.org\/site\/article.php?nkv=aWRfY29tcG89NTY4OCZwYWdlPTIyJmlkPTgwNCZpZF9jb21wbz01Njg4\">Maison du Film Court<\/a><\/p>\n","protected":false},"excerpt":{"rendered":"<p>Les weekends des 28 et 29 mai, 4 et 5 juin \u00e0 la Maison du Film Court. T\u00e9l\u00e9chargez le dossier de pr\u00e9sentation du stage Programme Sensibilisation au montage &#8211; Mai-Juin 2016.pdf &nbsp; Pour vous inscrire, consultez le site de la Maison du Film Court<\/p>\n","protected":false},"author":1,"featured_media":0,"comment_status":"closed","ping_status":"open","sticky":false,"template":"","format":"standard","meta":{"footnotes":""},"categories":[1],"tags":[],"class_list":["post-1664","post","type-post","status-publish","format-standard","hentry","category-non-classe"],"_links":{"self":[{"href":"https:\/\/nathaliehureau.fr\/index.php\/wp-json\/wp\/v2\/posts\/1664","targetHints":{"allow":["GET"]}}],"collection":[{"href":"https:\/\/nathaliehureau.fr\/index.php\/wp-json\/wp\/v2\/posts"}],"about":[{"href":"https:\/\/nathaliehureau.fr\/index.php\/wp-json\/wp\/v2\/types\/post"}],"author":[{"embeddable":true,"href":"https:\/\/nathaliehureau.fr\/index.php\/wp-json\/wp\/v2\/users\/1"}],"replies":[{"embeddable":true,"href":"https:\/\/nathaliehureau.fr\/index.php\/wp-json\/wp\/v2\/comments?post=1664"}],"version-history":[{"count":6,"href":"https:\/\/nathaliehureau.fr\/index.php\/wp-json\/wp\/v2\/posts\/1664\/revisions"}],"predecessor-version":[{"id":1672,"href":"https:\/\/nathaliehureau.fr\/index.php\/wp-json\/wp\/v2\/posts\/1664\/revisions\/1672"}],"wp:attachment":[{"href":"https:\/\/nathaliehureau.fr\/index.php\/wp-json\/wp\/v2\/media?parent=1664"}],"wp:term":[{"taxonomy":"category","embeddable":true,"href":"https:\/\/nathaliehureau.fr\/index.php\/wp-json\/wp\/v2\/categories?post=1664"},{"taxonomy":"post_tag","embeddable":true,"href":"https:\/\/nathaliehureau.fr\/index.php\/wp-json\/wp\/v2\/tags?post=1664"}],"curies":[{"name":"wp","href":"https:\/\/api.w.org\/{rel}","templated":true}]}}