{"id":2224,"date":"2019-03-09T23:35:17","date_gmt":"2019-03-09T22:35:17","guid":{"rendered":"https:\/\/nathaliehureau.fr\/?p=2224"},"modified":"2019-03-31T21:01:54","modified_gmt":"2019-03-31T20:01:54","slug":"exposition-des-livres-dartistes-leporello-3-volets","status":"publish","type":"post","link":"https:\/\/nathaliehureau.fr\/index.php\/2019\/03\/09\/exposition-des-livres-dartistes-leporello-3-volets\/","title":{"rendered":"Exposition des livres d\u2019artistes \u00ab\u00a0Leporello 3 volets \u00bb"},"content":{"rendered":"<p>Du 02 au 31 mars, dans le cadre du <a href=\"http:\/\/www.prieure-ronsard.fr\/programmation\/\" target=\"_blank\" rel=\"noopener noreferrer\">printemps des po\u00e8tes 2019<\/a><br \/>\nla collection \u00ab <a href=\"https:\/\/nathaliehureau.fr\/?page_id=26\">L3V<\/a> \u00bb est pr\u00e9sent\u00e9e<br \/>\nau <a href=\"http:\/\/www.prieure-ronsard.fr\" target=\"_blank\" rel=\"noopener noreferrer\">Prieur\u00e9 Saint-Cosme<\/a>, demeure de Ronsard,<br \/>\no\u00f9 elle est d\u00e9sormais d\u00e9pos\u00e9e.<br \/>\n<a href=\"https:\/\/www.facebook.com\/mt-galerie-573620082820413\/\">https:\/\/www.facebook.com\/mt-galerie-573620082820413\/<\/a><\/p>\n<p>&nbsp;<\/p>\n<p><img loading=\"lazy\" decoding=\"async\" class=\"alignnone wp-image-2241\" src=\"https:\/\/nathaliehureau.fr\/wp-content\/uploads\/2019\/03\/1204-478sit-300x225.jpg\" alt=\"\" width=\"160\" height=\"120\" srcset=\"https:\/\/nathaliehureau.fr\/wp-content\/uploads\/2019\/03\/1204-478sit-300x225.jpg 300w, https:\/\/nathaliehureau.fr\/wp-content\/uploads\/2019\/03\/1204-478sit-768x576.jpg 768w, https:\/\/nathaliehureau.fr\/wp-content\/uploads\/2019\/03\/1204-478sit-1024x768.jpg 1024w, https:\/\/nathaliehureau.fr\/wp-content\/uploads\/2019\/03\/1204-478sit-624x468.jpg 624w, https:\/\/nathaliehureau.fr\/wp-content\/uploads\/2019\/03\/1204-478sit.jpg 1200w\" sizes=\"auto, (max-width: 160px) 100vw, 160px\" \/> <img loading=\"lazy\" decoding=\"async\" class=\"alignnone wp-image-2242\" src=\"https:\/\/nathaliehureau.fr\/wp-content\/uploads\/2019\/03\/1503-655sit-300x225.jpg\" alt=\"\" width=\"160\" height=\"120\" srcset=\"https:\/\/nathaliehureau.fr\/wp-content\/uploads\/2019\/03\/1503-655sit-300x225.jpg 300w, https:\/\/nathaliehureau.fr\/wp-content\/uploads\/2019\/03\/1503-655sit-768x576.jpg 768w, https:\/\/nathaliehureau.fr\/wp-content\/uploads\/2019\/03\/1503-655sit-1024x768.jpg 1024w, https:\/\/nathaliehureau.fr\/wp-content\/uploads\/2019\/03\/1503-655sit-624x468.jpg 624w, https:\/\/nathaliehureau.fr\/wp-content\/uploads\/2019\/03\/1503-655sit.jpg 1200w\" sizes=\"auto, (max-width: 160px) 100vw, 160px\" \/> <img loading=\"lazy\" decoding=\"async\" class=\"alignnone wp-image-2243\" src=\"https:\/\/nathaliehureau.fr\/wp-content\/uploads\/2019\/03\/1512-522sit-300x225.jpg\" alt=\"\" width=\"160\" height=\"120\" srcset=\"https:\/\/nathaliehureau.fr\/wp-content\/uploads\/2019\/03\/1512-522sit-300x225.jpg 300w, https:\/\/nathaliehureau.fr\/wp-content\/uploads\/2019\/03\/1512-522sit-768x576.jpg 768w, https:\/\/nathaliehureau.fr\/wp-content\/uploads\/2019\/03\/1512-522sit-1024x768.jpg 1024w, https:\/\/nathaliehureau.fr\/wp-content\/uploads\/2019\/03\/1512-522sit-624x468.jpg 624w, https:\/\/nathaliehureau.fr\/wp-content\/uploads\/2019\/03\/1512-522sit.jpg 1200w\" sizes=\"auto, (max-width: 160px) 100vw, 160px\" \/><\/p>\n<p>L3V de Nathalie Hureau avec<br \/>\n<a href=\"https:\/\/nathaliehureau.fr\/?page_id=22\">Michel Caron<\/a> \u00a0\u00a0\u00a0 <a href=\"https:\/\/nathaliehureau.fr\/?page_id=1538\">Fabienne Siegwart<\/a> \u00a0\u00a0 <a href=\"https:\/\/nathaliehureau.fr\/?page_id=1595\">Claire Child\u00e9ric<\/a><\/p>\n","protected":false},"excerpt":{"rendered":"<p>Du 02 au 31 mars, dans le cadre du printemps des po\u00e8tes 2019 la collection \u00ab L3V \u00bb est pr\u00e9sent\u00e9e au Prieur\u00e9 Saint-Cosme, demeure de Ronsard, o\u00f9 elle est d\u00e9sormais d\u00e9pos\u00e9e. https:\/\/www.facebook.com\/mt-galerie-573620082820413\/ &nbsp; L3V de Nathalie Hureau avec Michel Caron \u00a0\u00a0\u00a0 Fabienne Siegwart \u00a0\u00a0 Claire Child\u00e9ric<\/p>\n","protected":false},"author":1,"featured_media":0,"comment_status":"closed","ping_status":"open","sticky":false,"template":"","format":"standard","meta":{"footnotes":""},"categories":[11,1],"tags":[],"class_list":["post-2224","post","type-post","status-publish","format-standard","hentry","category-journal-en-images","category-non-classe"],"_links":{"self":[{"href":"https:\/\/nathaliehureau.fr\/index.php\/wp-json\/wp\/v2\/posts\/2224","targetHints":{"allow":["GET"]}}],"collection":[{"href":"https:\/\/nathaliehureau.fr\/index.php\/wp-json\/wp\/v2\/posts"}],"about":[{"href":"https:\/\/nathaliehureau.fr\/index.php\/wp-json\/wp\/v2\/types\/post"}],"author":[{"embeddable":true,"href":"https:\/\/nathaliehureau.fr\/index.php\/wp-json\/wp\/v2\/users\/1"}],"replies":[{"embeddable":true,"href":"https:\/\/nathaliehureau.fr\/index.php\/wp-json\/wp\/v2\/comments?post=2224"}],"version-history":[{"count":64,"href":"https:\/\/nathaliehureau.fr\/index.php\/wp-json\/wp\/v2\/posts\/2224\/revisions"}],"predecessor-version":[{"id":2298,"href":"https:\/\/nathaliehureau.fr\/index.php\/wp-json\/wp\/v2\/posts\/2224\/revisions\/2298"}],"wp:attachment":[{"href":"https:\/\/nathaliehureau.fr\/index.php\/wp-json\/wp\/v2\/media?parent=2224"}],"wp:term":[{"taxonomy":"category","embeddable":true,"href":"https:\/\/nathaliehureau.fr\/index.php\/wp-json\/wp\/v2\/categories?post=2224"},{"taxonomy":"post_tag","embeddable":true,"href":"https:\/\/nathaliehureau.fr\/index.php\/wp-json\/wp\/v2\/tags?post=2224"}],"curies":[{"name":"wp","href":"https:\/\/api.w.org\/{rel}","templated":true}]}}